[{"@context":"https:\/\/schema.org\/","@type":"Article","@id":"https:\/\/www.shtoor.sk\/twitter-pridava-upozornenia-na-prispevky-verejnych-cinitelov\/#Article","mainEntityOfPage":"https:\/\/www.shtoor.sk\/twitter-pridava-upozornenia-na-prispevky-verejnych-cinitelov\/","headline":"Twitter prid\u00e1va upozornenia, na pr\u00edspevky verejn\u00fdch \u010dinite\u013eov","name":"Twitter prid\u00e1va upozornenia, na pr\u00edspevky verejn\u00fdch \u010dinite\u013eov","description":"Nov\u00e1 politika bude tie\u017e &#8222;deprioritova\u0165&#8220; nevhodn\u00e9 koment\u00e1re a umo\u017en\u00ed pohybova\u0165 sa proti ne\u010destn\u00fdm tweety bez odstr\u00e1nenia obsahu d\u00f4le\u017eit\u00e9ho pre verejn\u00fa diskusiu. \u00a0 V t\u00fdchto pr\u00edpadoch u\u017e\u00edvatelia uvidia ozn\u00e1menie o tweete, ktor\u00fd poru\u0161uje pravidl\u00e1 a potom mus\u00ed klikn\u00fa\u0165 alebo klikn\u00fa\u0165, aby sa spr\u00e1va zobrazila. \u00a0 Twitter tie\u017e &#8222;podnikne kroky, aby sa uistil, \u017ee tweet nie je&hellip;  <span class=\"more-link-wrap\"><a href=\"https:\/\/www.shtoor.sk\/twitter-pridava-upozornenia-na-prispevky-verejnych-cinitelov\/\" class=\"more-link\">Continue reading<span class=\"screen-reader-text\"> \"Twitter prid\u00e1va upozornenia, na pr\u00edspevky verejn\u00fdch \u010dinite\u013eov\"<\/span><\/a><\/span>","datePublished":"2019-07-06","dateModified":"2023-04-26","author":{"@type":"Person","@id":"https:\/\/www.shtoor.sk\/author\/#Person","name":"shtoor.sk\n","url":"https:\/\/www.shtoor.sk\/author\/","identifier":1,"image":{"@type":"ImageObject","@id":"https:\/\/secure.gravatar.com\/avatar\/ccdd701717dc93db07d73e0c11dbbb8b91524cccc3bfbd3baea83667a3ebf5d6?s=96&d=mm&r=g","url":"https:\/\/secure.gravatar.com\/avatar\/ccdd701717dc93db07d73e0c11dbbb8b91524cccc3bfbd3baea83667a3ebf5d6?s=96&d=mm&r=g","height":96,"width":96}},"publisher":{"@type":"Organization","name":"shtoor.sk","logo":{"@type":"ImageObject","@id":"\/logo.png","url":"\/logo.png","width":600,"height":60}},"image":{"@type":"ImageObject","@id":"https:\/\/www.shtoor.sk\/wp-content\/uploads\/img_a304066_w16494_t1564505126.jpg","url":"https:\/\/www.shtoor.sk\/wp-content\/uploads\/img_a304066_w16494_t1564505126.jpg","height":0,"width":0},"url":"https:\/\/www.shtoor.sk\/twitter-pridava-upozornenia-na-prispevky-verejnych-cinitelov\/","about":["Www"],"wordCount":378,"articleBody":"Nov\u00e1 politika bude tie\u017e &#8222;deprioritova\u0165&#8220; nevhodn\u00e9 koment\u00e1re a umo\u017en\u00ed pohybova\u0165 sa proti ne\u010destn\u00fdm tweety bez odstr\u00e1nenia obsahu d\u00f4le\u017eit\u00e9ho pre verejn\u00fa diskusiu.\u00a0V t\u00fdchto pr\u00edpadoch u\u017e\u00edvatelia uvidia ozn\u00e1menie o tweete, ktor\u00fd poru\u0161uje pravidl\u00e1 a potom mus\u00ed klikn\u00fa\u0165 alebo klikn\u00fa\u0165, aby sa spr\u00e1va zobrazila.\u00a0Twitter tie\u017e &#8222;podnikne kroky, aby sa uistil, \u017ee tweet nie je algoritmicky zv\u00fd\u0161en\u00fd na na\u0161ich slu\u017eb\u00e1ch, aby sme na\u0161li spr\u00e1vnu rovnov\u00e1hu medzi umo\u017enen\u00edm slobodn\u00e9ho prejavu, podporou zodpovednosti a zn\u00ed\u017een\u00edm potenci\u00e1lnych \u0161k\u00f4d.\u00a0&#8222;V minulosti sme povolili, ktor\u00e9 poru\u0161ili na\u0161e pravidl\u00e1, aby sme zostali, preto\u017ee boli v z\u00e1ujme verejnosti, ale nebolo jasn\u00e9, kedy a ako sme tieto rozhodnutia urobili,&#8220; uviedla spolo\u010dnos\u0165.\u00a0Twitter povedal, \u017ee o\u010dak\u00e1va, \u017ee tieto pr\u00edpady bud\u00fa \u201ezriedkav\u00e9\u201c a \u017ee nov\u00e1 politika sa bude vz\u0165ahova\u0165 len na overen\u00e9 \u00fa\u010dty, s viac ako 100 000 nasledovn\u00edkmi vl\u00e1dnych \u00faradn\u00edkov a ich z\u00e1stupcov alebo t\u00fdch, ktor\u00ed kandiduj\u00fa na verejn\u00fa funkciu, alebo sa zva\u017euje pre vl\u00e1dnu poz\u00edciu. Nebude vykonan\u00e1 sp\u00e4tne.\u00a0Twitter m\u00e1 mo\u017enos\u0165 odstr\u00e1ni\u0165 tweety a blokova\u0165 pou\u017e\u00edvate\u013eov, ktor\u00ed uverej\u0148uj\u00fa nevhodn\u00e9 alebo ur\u00e1\u017eliv\u00e9 koment\u00e1re, ale z\u00e1rove\u0148 trval na tom, aby sa umo\u017enilo, aby sa v z\u00e1le\u017eitostiach \u201esl\u00fa\u017eiacich na verejn\u00fa konverz\u00e1ciu\u201c.\u00a0Ak chcete zisti\u0165, \u010di poru\u0161uje pravidl\u00e1, ale mus\u00ed zosta\u0165 vidite\u013en\u00fd, nasad\u00ed &#8222;kr\u00ed\u017eov\u00fd funk\u010dn\u00fd t\u00edm&#8220; zo svojich oddelen\u00ed pre bezpe\u010dnos\u0165, pr\u00e1vne a verejn\u00e9 politiky, aby ur\u010dil &#8222;\u010di s\u00fa vecou verejn\u00e9ho z\u00e1ujmu.&#8220;\u00a0\u201eKrok spr\u00e1vnym smerom\u201c\u00a0Tento krok je &#8222;krok spr\u00e1vnym smerom, preto\u017ee umo\u017e\u0148uje \u013eu\u010fom vedie\u0165 o z\u00e1palovom obsahu a potom sa t\u00edto jednotlivci m\u00f4\u017eu rozhodn\u00fa\u0165, ako v\u00e1\u017ene chc\u00fa t\u00fato spr\u00e1vu prija\u0165,&#8220; povedal Darrell West, ved\u00faci Centra technologick\u00fdch inov\u00e1ci\u00ed Brookings Institution.\u00a0West dodal, \u017ee tento krok by nemusel nevyhnutne zastavi\u0165 poru\u0161ovanie politiky a \u017ee &#8220; by musel za\u010da\u0165 odstra\u0148ova\u0165 obsah, ak chce ma\u0165 zmyslupln\u00fd odstra\u0161uj\u00faci \u00fa\u010dinok.&#8220; Liz Woolery z Centra pre demokraciu a technol\u00f3giu pre slobodn\u00fd prejav povedal, \u017ee \u0165ah &#8222;vyzer\u00e1 ako s\u013eubn\u00fd kompromis.&#8220;\u00a0                                                                                                                                                                                                                                                                                                                                                                                        4.3\/5 - (3 votes)        "},{"@context":"https:\/\/schema.org\/","@type":"BreadcrumbList","itemListElement":[{"@type":"ListItem","position":1,"name":"Twitter prid\u00e1va upozornenia, na pr\u00edspevky verejn\u00fdch \u010dinite\u013eov","item":"https:\/\/www.shtoor.sk\/twitter-pridava-upozornenia-na-prispevky-verejnych-cinitelov\/#breadcrumbitem"}]}]