[{"@context":"https:\/\/schema.org\/","@type":"Article","@id":"https:\/\/www.shtoor.sk\/farby-aj-strihy-bund-pre-zeny-nemaju-hranice\/#Article","mainEntityOfPage":"https:\/\/www.shtoor.sk\/farby-aj-strihy-bund-pre-zeny-nemaju-hranice\/","headline":"Farby aj strihy b\u00fand pre \u017eeny nemaj\u00fa hranice","name":"Farby aj strihy b\u00fand pre \u017eeny nemaj\u00fa hranice","description":"Odol\u00e1va\u0165 n\u00e1razom vetra a mrazom v tenkom svetr\u00edku \u010di bl\u00fazke asi nie je najlep\u0161\u00ed n\u00e1pad, takto si len koledujeme o prechladnutie, a chor\u00fd predsa nechce by\u0165 nikto. Povinn\u00e1 by tak mala by\u0165 v\u00fdbava tepl\u00e9ho oble\u010denia, ktor\u00e9 sa postar\u00e1 o to, \u017ee n\u00e1m bude teplo aj ke\u010f zaf\u00faka siln\u00fd sever\u00e1k a teploty sa bud\u00fa pohybova\u0165 iba&hellip;  <span class=\"more-link-wrap\"><a href=\"https:\/\/www.shtoor.sk\/farby-aj-strihy-bund-pre-zeny-nemaju-hranice\/\" class=\"more-link\">Continue reading<span class=\"screen-reader-text\"> \"Farby aj strihy b\u00fand pre \u017eeny nemaj\u00fa hranice\"<\/span><\/a><\/span>","datePublished":"2022-09-25","dateModified":"2023-05-28","author":{"@type":"Person","@id":"https:\/\/www.shtoor.sk\/author\/#Person","name":"shtoor.sk\n","url":"https:\/\/www.shtoor.sk\/author\/","identifier":1,"image":{"@type":"ImageObject","@id":"https:\/\/secure.gravatar.com\/avatar\/ccdd701717dc93db07d73e0c11dbbb8b91524cccc3bfbd3baea83667a3ebf5d6?s=96&d=mm&r=g","url":"https:\/\/secure.gravatar.com\/avatar\/ccdd701717dc93db07d73e0c11dbbb8b91524cccc3bfbd3baea83667a3ebf5d6?s=96&d=mm&r=g","height":96,"width":96}},"publisher":{"@type":"Organization","name":"shtoor.sk","logo":{"@type":"ImageObject","@id":"\/logo.png","url":"\/logo.png","width":600,"height":60}},"image":{"@type":"ImageObject","@id":"https:\/\/www.shtoor.sk\/wp-content\/uploads\/woman-3947165_1920_1.jpg","url":"https:\/\/www.shtoor.sk\/wp-content\/uploads\/woman-3947165_1920_1.jpg","height":0,"width":0},"url":"https:\/\/www.shtoor.sk\/farby-aj-strihy-bund-pre-zeny-nemaju-hranice\/","about":["Slu\u017eby"],"wordCount":416,"articleBody":"   Odol\u00e1va\u0165 n\u00e1razom vetra a mrazom v tenkom svetr\u00edku \u010di bl\u00fazke asi nie je najlep\u0161\u00ed n\u00e1pad, takto si len koledujeme o prechladnutie, a chor\u00fd predsa nechce by\u0165 nikto. Povinn\u00e1 by tak mala by\u0165 v\u00fdbava tepl\u00e9ho oble\u010denia, ktor\u00e9 sa postar\u00e1 o to, \u017ee n\u00e1m bude teplo aj ke\u010f zaf\u00faka siln\u00fd sever\u00e1k a teploty sa bud\u00fa pohybova\u0165 iba pod bodom mrazu. Pre \u017eeny s\u00fa na trhu v ponuke dlh\u00e9 zimn\u00e9 bundy v rozli\u010dn\u00fdch farb\u00e1ch.Pod bundy si v chladnom po\u010das\u00ed obliekame aj svetre \u010di pul\u00f3vre, preto by mali by\u0165 trocha vo\u013enej\u0161ieho strihu. M\u00f4\u017eete v\u0161ak siahnu\u0165 aj po \u00fazkych slim fit strihoch, ktor\u00e9 s\u00fa pre\u0161\u00edvan\u00e9 alebo maj\u00fa opasok. Postavu zv\u00fdraznia a s ich kombin\u00e1ciou s in\u00fdm typom oble\u010denia nebude probl\u00e9m. Ak zvol\u00edte d\u013a\u017eku do polovice stehien, bude dokonalo chr\u00e1nen\u00e1 aj va\u0161a oblas\u0165 kr\u00ed\u017eov, \u010do v\u00e1m dod\u00e1 na v\u00e4\u010d\u0161om pocite tepla a pohodlia. To, \u017ee m\u00f3da je tolerantn\u00e1, je ka\u017ed\u00e9mu jasn\u00e9, zimn\u00e9 bundy nie s\u00fa v\u00fdnimkou, \u0161ij\u00fa sa z modern\u00fdch kvalitn\u00fdch l\u00e1tok, ktor\u00e9 dlho udr\u017eia svoj tvar a farbu. Ich strihy nie s\u00fa obmedzuj\u00face a dovo\u013euj\u00fa n\u00e1m vybra\u0165 si ten, ktor\u00fd n\u00e1m pristane a ktor\u00fd je z\u00e1rove\u0148 v s\u00falade s pr\u00e1ve aktu\u00e1lnymi trendmi. Farby s\u00fa takisto podstatn\u00e9, od n\u00e1\u0161ho v\u00fdberu z\u00e1le\u017e\u00ed aj to, \u010di budeme p\u00f4sobi\u0165 unaveno alebo naopak, \u010di n\u00e1m uber\u00fa roky a zv\u00fdraznia farbu pleti, \u017eeny u\u017e vedia, ktor\u00e9 dlh\u00e9 zimn\u00e9 bundy farebn\u00e9 odtiene s\u00fa pre nich vhodn\u00e9 a pod\u013ea toho si bundy aj vyberaj\u00fa.Klasika je v\u0161ak \u010dierna farba, ktor\u00e1 sa hod\u00ed aj na sl\u00e1vnostnej\u0161ie pr\u00edle\u017eitosti, kvalitn\u00fd materi\u00e1l spolu s nad\u010dasov\u00fdm a elegantn\u00fdm strihom pristane ka\u017edej \u017eene. \u0160portovej\u0161ie bundy maj\u00fa aj kapuc\u0148u, s\u00fa \u0161it\u00e9 z nepremokav\u00fdch l\u00e1tok, maj\u00fa rozli\u010dn\u00e9 pre\u0161\u00edvania a \u0161tepovania, mnoho ozd\u00f4b na vreck\u00e1ch \u010di ruk\u00e1voch a podobne. Aj BIGSTAR chce \u017een\u00e1m prin\u00e1\u0161a\u0165 m\u00f3dne k\u00fasky, \u0161ikovn\u00ed n\u00e1vrh\u00e1ri prich\u00e1dzaj\u00fa st\u00e1le s nov\u00fdmi a prepracovanej\u0161\u00edmi strihmi odevov pre \u017eeny ka\u017ed\u00e9ho veku. Zateplen\u00e9 zimn\u00e9 bundy s v\u00fdpl\u0148ou vatel\u00ednu \u010di p\u00e1perov\u00e9 bundy bud\u00fa ur\u010dite rady nosi\u0165 ka\u017ed\u00fd de\u0148 a pri ka\u017edej pr\u00edle\u017eitosti.                                                                                                                                                                                                                                                                                                                                                                                          4.7\/5 - (9 votes)        "},{"@context":"https:\/\/schema.org\/","@type":"BreadcrumbList","itemListElement":[{"@type":"ListItem","position":1,"name":"Farby aj strihy b\u00fand pre \u017eeny nemaj\u00fa hranice","item":"https:\/\/www.shtoor.sk\/farby-aj-strihy-bund-pre-zeny-nemaju-hranice\/#breadcrumbitem"}]}]